{"id":2830,"date":"2025-01-24T14:17:33","date_gmt":"2025-01-24T12:17:33","guid":{"rendered":"https:\/\/www.aude.es\/tinnitus-ein-ernstes-problem-was-kann-ich-tun\/"},"modified":"2025-01-24T14:17:33","modified_gmt":"2025-01-24T12:17:33","slug":"tinnitus-ein-ernstes-problem-was-kann-ich-tun","status":"publish","type":"post","link":"https:\/\/www.aude.es\/de\/tinnitus-ein-ernstes-problem-was-kann-ich-tun\/","title":{"rendered":"Tinnitus, ein ernstes Problem. Was kann ich tun?"},"content":{"rendered":"<div data-breakout=\"normal\">\n<p id=\"viewer-vp7k5514\" class=\"cqfST cQRuq WGebp jTM--\" dir=\"auto\"><span class=\"_61ACD\"><strong><span>Was ist Tinnitus, auch Ohrensausen genannt?<\/span><\/strong><\/span><\/p>\n<\/div>\n<div data-hook=\"rcv-block6\"><\/div>\n<div data-breakout=\"normal\">\n<div id=\"viewer-0ocg9303\" class=\"cqfST cQRuq WGebp jTM--\" dir=\"auto\"><span class=\"_61ACD\"> <\/span><\/div>\n<\/div>\n<div data-hook=\"rcv-block7\"><\/div>\n<div data-breakout=\"normal\">\n<p id=\"viewer-van34254\" class=\"cqfST cQRuq WGebp jTM--\" dir=\"auto\"><span class=\"_61ACD\"><span> Es handelt sich um ein Ger\u00e4usch, das wir wahrnehmen, obwohl keine \u00e4u\u00dfere Ursache daf\u00fcr existiert; wir h\u00f6ren es also nur selbst. Manche Menschen empfinden es als hohes Pfeifen, andere beschreiben es als das Rauschen eines alten Fernsehers, ein tiefes Summen oder es kann sogar je nach Tageszeit variieren. Es gibt zwei Arten von Tinnitus:  <\/span><\/span><\/p>\n<\/div>\n<div data-hook=\"rcv-block8\"><\/div>\n<div data-breakout=\"normal\">\n<div id=\"viewer-z2ksn1163\" class=\"cqfST cQRuq WGebp jTM--\" dir=\"auto\"><span class=\"_61ACD\"> <\/span><\/div>\n<\/div>\n<div data-hook=\"rcv-block9\"><\/div>\n<div data-breakout=\"normal\">\n<ul class=\"_9byOP WGebp\">\n<li class=\"fGYqH\" dir=\"auto\" aria-level=\"1\">\n<p id=\"viewer-c8kvp256\" class=\"cqfST cQRuq WGebp jTM--\" dir=\"\"><span class=\"_61ACD\"><span>Objektiver Tinnitus: Dies ist die seltenste Form und umfasst beispielsweise Ger\u00e4usche, die durch den Blutfluss im Mittelohr verursacht werden und oft als rauschendes Ger\u00e4usch im Takt des Herzschlags wahrgenommen werden. Andere Formen sind Knister- oder Knackger\u00e4usche, die durch Reibung von Mittelohrstrukturen bei Otosklerose, Cholesteatomen usw. entstehen. <\/span><\/span><\/p>\n<\/li>\n<li class=\"fGYqH\" dir=\"auto\" aria-level=\"1\">\n<p id=\"viewer-upibt258\" class=\"cqfST cQRuq WGebp jTM--\" dir=\"\"><span class=\"_61ACD\"><span>Subjektiver Tinnitus: Dies ist die h\u00e4ufigste Form und wird meist als hohes Klingeln wahrgenommen, kann aber auch als tiefes Summen, rauschendes Ger\u00e4usch wie beim Fernsehen usw. auftreten. Diese Tinnitusform entspricht typischerweise einer Frequenz, die mit dem vom H\u00f6rverlust betroffenen Frequenzbereich \u00fcbereinstimmt. Da H\u00f6rverlust meist im Hochtonbereich auftritt, wird Tinnitus am h\u00e4ufigsten als hohes Klingeln wahrgenommen. Seltener kann er auch als tiefes Summen wahrgenommen werden und tritt h\u00e4ufiger bei Menschen mit Schallempfindungsschwerh\u00f6rigkeit im Tieftonbereich auf, beispielsweise in manchen F\u00e4llen von Morbus Meni\u00e8re.   <\/span><\/span><\/p>\n<\/li>\n<\/ul>\n<\/div>\n<div data-hook=\"rcv-block10\"><\/div>\n<div data-breakout=\"normal\">\n<p id=\"viewer-wv3hz260\" class=\"cqfST cQRuq WGebp jTM--\" dir=\"auto\"><span class=\"_61ACD\"><span> <\/span><\/span><\/p>\n<\/div>\n<div data-hook=\"rcv-block11\"><\/div>\n<div data-breakout=\"normal\">\n<p id=\"viewer-9qlw9262\" class=\"cqfST cQRuq WGebp jTM--\" dir=\"auto\"><span class=\"_61ACD\"><strong><span>Was verursacht Tinnitus?<\/span><\/strong><\/span><\/p>\n<\/div>\n<div data-hook=\"rcv-block12\"><\/div>\n<div data-breakout=\"normal\">\n<div id=\"viewer-3u3ll3901\" class=\"cqfST cQRuq WGebp jTM--\" dir=\"auto\"><span class=\"_61ACD\"> <\/span><\/div>\n<\/div>\n<div data-hook=\"rcv-block13\"><\/div>\n<div data-breakout=\"normal\">\n<p id=\"viewer-441un264\" class=\"cqfST cQRuq WGebp jTM--\" dir=\"auto\"><span class=\"_61ACD\"><span> Obwohl der Ursprung des subjektiven Tinnitus noch immer unbekannt ist, kann man sagen, dass er durch eine St\u00f6rung in der H\u00f6rbahn verursacht wird, die vom Ohr zum Gehirn f\u00fchrt.<\/span><\/span><\/p>\n<\/div>\n<div data-hook=\"rcv-block14\"><\/div>\n<div data-breakout=\"normal\">\n<div id=\"viewer-vc4o63978\" class=\"cqfST cQRuq WGebp jTM--\" dir=\"auto\"><span class=\"_61ACD\"> <\/span><\/div>\n<\/div>\n<div data-hook=\"rcv-block15\"><\/div>\n<div data-breakout=\"normal\">\n<p id=\"viewer-1wpix266\" class=\"cqfST cQRuq WGebp jTM--\" dir=\"auto\"><span class=\"_61ACD\"><span> Es handelt sich dabei nicht um eine eigenst\u00e4ndige Krankheit, sondern um ein Symptom einer anderen Erkrankung. Diese Erkrankung ist in der Regel ein H\u00f6rverlust, auch Hypoakusis genannt. Mit anderen Worten: Wenn wir unter H\u00f6rverlust leiden, ist Tinnitus eines der Symptome.  <\/span><\/span><\/p>\n<\/div>\n<div data-hook=\"rcv-block16\"><\/div>\n<div data-breakout=\"normal\">\n<div id=\"viewer-i3fvd4030\" class=\"cqfST cQRuq WGebp jTM--\" dir=\"auto\"><span class=\"_61ACD\"> <\/span><\/div>\n<\/div>\n<div data-hook=\"rcv-block17\"><\/div>\n<div data-breakout=\"normal\">\n<p id=\"viewer-lf09e268\" class=\"cqfST cQRuq WGebp jTM--\" dir=\"auto\"><span class=\"_61ACD\"><span> Es tritt h\u00e4ufig bei H\u00f6rverlust auf, der durch Folgendes verursacht wird:<\/span><\/span><\/p>\n<\/div>\n<div data-hook=\"rcv-block18\"><\/div>\n<div data-breakout=\"normal\">\n<div id=\"viewer-1ddug4082\" class=\"cqfST cQRuq WGebp jTM--\" dir=\"auto\"><span class=\"_61ACD\"> <\/span><\/div>\n<\/div>\n<div data-hook=\"rcv-block19\"><\/div>\n<div data-breakout=\"normal\">\n<p id=\"viewer-m1sbm270\" class=\"cqfST cQRuq WGebp jTM--\" dir=\"auto\"><span class=\"_61ACD\"><span> &#8211; Durch die Einwirkung lauter Ger\u00e4usche.<\/span><\/span><\/p>\n<\/div>\n<div data-hook=\"rcv-block20\"><\/div>\n<div data-breakout=\"normal\">\n<p id=\"viewer-oud5x272\" class=\"cqfST cQRuq WGebp jTM--\" dir=\"auto\"><span class=\"_61ACD\"><span> &#8211; Nach einer Behandlung mit ototoxischen Medikamenten.<\/span><\/span><\/p>\n<\/div>\n<div data-hook=\"rcv-block21\"><\/div>\n<div data-breakout=\"normal\">\n<p id=\"viewer-nkk6d274\" class=\"cqfST cQRuq WGebp jTM--\" dir=\"auto\"><span class=\"_61ACD\"><span> &#8211; Akustikusneurinom.<\/span><\/span><\/p>\n<\/div>\n<div data-hook=\"rcv-block22\"><\/div>\n<div data-breakout=\"normal\">\n<p id=\"viewer-uwd81276\" class=\"cqfST cQRuq WGebp jTM--\" dir=\"auto\"><span class=\"_61ACD\"><span> &#8211; Presbyakusis: altersbedingter H\u00f6rverlust.<\/span><\/span><\/p>\n<\/div>\n<div data-hook=\"rcv-block23\"><\/div>\n<div data-breakout=\"normal\">\n<p id=\"viewer-n4i6c278\" class=\"cqfST cQRuq WGebp jTM--\" dir=\"auto\"><span class=\"_61ACD\"><span> &#8211; Etc.<\/span><\/span><\/p>\n<\/div>\n<div data-hook=\"rcv-block24\"><\/div>\n<div data-breakout=\"normal\">\n<p id=\"viewer-jtuqz280\" class=\"cqfST cQRuq WGebp jTM--\" dir=\"auto\"><span class=\"_61ACD\"><span> <\/span><\/span><\/p>\n<\/div>\n<div data-hook=\"rcv-block25\"><\/div>\n<div data-breakout=\"normal\">\n<p id=\"viewer-3ho0b282\" class=\"cqfST cQRuq WGebp jTM--\" dir=\"auto\"><span class=\"_61ACD\"><strong><span>Warum merke ich nicht, dass ich einen H\u00f6rverlust habe, aber ich habe Tinnitus?<\/span><\/strong><\/span><\/p>\n<\/div>\n<div data-hook=\"rcv-block26\"><\/div>\n<div data-breakout=\"normal\">\n<div id=\"viewer-i9v7a4115\" class=\"cqfST cQRuq WGebp jTM--\" dir=\"auto\"><span class=\"_61ACD\"> <\/span><\/div>\n<\/div>\n<div data-hook=\"rcv-block27\"><\/div>\n<div data-breakout=\"normal\">\n<p id=\"viewer-rgkky284\" class=\"cqfST cQRuq WGebp jTM--\" dir=\"auto\"><span class=\"_61ACD\"><span> Das f\u00fcr den Menschen h\u00f6rbare Frequenzspektrum reicht von 20 Hz bis 20.000 Hz. F\u00fcr Kommunikation und Sprache nutzt unser Stimmorgan jedoch nur den Frequenzbereich von 250 Hz bis 8.000 Hz.   <\/span><\/span><\/p>\n<\/div>\n<div data-hook=\"rcv-block28\"><\/div>\n<div data-breakout=\"normal\">\n<div id=\"viewer-i8ein6223\" class=\"KqKMh\">\n<div class=\"_7T4Uc LIugr\">\n<figure class=\"P29V1\">\n<div class=\"CuIEU\" tabindex=\"0\" role=\"button\" data-hook=\"imageViewer\" aria-haspopup=\"true\">\n<div id=\"i8ein6223\" class=\"KfAFF ApRDe _84uzj\"><img decoding=\"async\" draggable=\"false\" src=\"https:\/\/static.wixstatic.com\/media\/f25fc0_951fb97fd44741c49a658f3c0062ea4c~mv2.jpg\/v1\/fill\/w_740,h_409,al_c,q_80,usm_0.66_1.00_0.01,enc_auto\/f25fc0_951fb97fd44741c49a658f3c0062ea4c~mv2.jpg\" alt=\"H\u00f6rbares Spektrum\" data-pin-url=\"https:\/\/www.aude.es\/post\/tinnitus-un-grave-problema\" data-pin-media=\"https:\/\/static.wixstatic.com\/media\/f25fc0_951fb97fd44741c49a658f3c0062ea4c~mv2.jpg\/v1\/fill\/w_1200,h_663,al_c,q_85\/f25fc0_951fb97fd44741c49a658f3c0062ea4c~mv2.jpg\" data-load-done=\"\"><\/div>\n<\/div>\n<\/figure>\n<\/div>\n<\/div>\n<\/div>\n<div data-hook=\"rcv-block29\"><\/div>\n<div data-breakout=\"normal\">\n<p id=\"viewer-ypy8g286\" class=\"cqfST cQRuq WGebp jTM--\" dir=\"auto\"><span class=\"_61ACD\"><span> Dies sind die h\u00e4ufigsten F\u00e4lle, in denen wir unseren Tinnitus nicht mit einem H\u00f6rverlust in Verbindung bringen:<\/span><\/span><\/p>\n<\/div>\n<div data-hook=\"rcv-block30\"><\/div>\n<div data-breakout=\"normal\">\n<div id=\"viewer-wupw364\" class=\"cqfST cQRuq WGebp jTM--\" dir=\"auto\"><span class=\"_61ACD\"> <\/span><\/div>\n<\/div>\n<div data-hook=\"rcv-block31\"><\/div>\n<div data-breakout=\"normal\">\n<p id=\"viewer-v2vo391\" class=\"cqfST cQRuq WGebp jTM--\" dir=\"auto\"><span class=\"_61ACD\"><span> Wenn der H\u00f6rverlust Frequenzen zwischen 8.000 Hz und 20.000 Hz betrifft, bemerken wir ihn kaum. Wir nehmen ihn nicht wahr, weil wir weiterhin problemlos kommunizieren, sprechen und andere h\u00f6ren k\u00f6nnen. Unser Gehirn registriert ihn jedoch, und er \u00e4u\u00dfert sich als Tinnitus. Dieser hochfrequente Tinnitus tritt h\u00e4ufig bei jungen oder mittelalten Menschen auf, die einen Standard-Audiometrietest (von 125 Hz bis 8.000 Hz) mit normalem Ergebnis absolvieren, aber dennoch \u00fcber Tinnitus berichten. Im Aude H\u00f6rzentrum k\u00f6nnen wir eine Hochfrequenz-Audiometrie durchf\u00fchren, um diese \u201eversteckten H\u00f6rverluste\u201c aufzusp\u00fcren.      <\/span><\/span><\/p>\n<\/div>\n<div data-hook=\"rcv-block32\"><\/div>\n<div data-breakout=\"normal\">\n<div id=\"viewer-uku2z6447\" class=\"cqfST cQRuq WGebp jTM--\" dir=\"auto\"><span class=\"_61ACD\"> <\/span><\/div>\n<\/div>\n<div data-hook=\"rcv-block33\"><\/div>\n<div data-breakout=\"normal\">\n<p id=\"viewer-28e0v288\" class=\"cqfST cQRuq WGebp jTM--\" dir=\"auto\"><span class=\"_61ACD\"><span> Bei Menschen, die L\u00e4rm ausgesetzt sind, \u00e4u\u00dfert sich H\u00f6rverlust h\u00e4ufig in einer verminderten H\u00f6rf\u00e4higkeit im Frequenzbereich zwischen 3.000 Hz und 4.000 Hz, w\u00e4hrend andere Frequenzen unbeeintr\u00e4chtigt bleiben. Je nach Grad des H\u00f6rverlusts berichten Betroffene, zwar zu h\u00f6ren, aber nicht zu verstehen. Dieses Problem verst\u00e4rkt sich, wenn mehrere Personen sprechen oder Umgebungsger\u00e4usche vorhanden sind. Der Grund daf\u00fcr ist, dass sie die meisten Sprachlaute und Phoneme klar wahrnehmen, die Laute, die ihrem H\u00f6rverlust entsprechen, jedoch nur schwer. Typische Aussagen dieser Personen sind: \u201eIch kann dich h\u00f6ren, aber ich verstehe dich nicht\u201c, \u201eSprich deutlicher, ich verstehe dich nicht\u201c usw. In diesen F\u00e4llen ist der Tinnitus meist hochfrequent und kann auf hohe Frequenzen oder Frequenzen in der N\u00e4he des betroffenen H\u00f6rbereichs lokalisiert sein.     <\/span><\/span><\/p>\n<\/div>\n<div data-hook=\"rcv-block34\"><\/div>\n<div data-breakout=\"normal\">\n<div id=\"viewer-u0mis6750\" class=\"cqfST cQRuq WGebp jTM--\" dir=\"auto\"><span class=\"_61ACD\"> <\/span><\/div>\n<\/div>\n<div data-hook=\"rcv-block35\"><\/div>\n<div data-breakout=\"normal\">\n<p id=\"viewer-kr8hl290\" class=\"cqfST cQRuq WGebp jTM--\" dir=\"auto\"><span class=\"_61ACD\"><span> Bei der Presbyakusis, also der altersbedingten Schwerh\u00f6rigkeit, verschiebt sich das H\u00f6rverm\u00f6gen allm\u00e4hlich von hohen zu tiefen Frequenzen. Anfangs bleibt dies unbemerkt, da es haupts\u00e4chlich Frequenzen zwischen 8.000 Hz und 6.000 Hz betrifft, die das Sprachverst\u00e4ndnis nur geringf\u00fcgig beeintr\u00e4chtigen. Erreicht die Verschiebung jedoch 4.000 Hz, beeintr\u00e4chtigt sie das Sprachverst\u00e4ndnis deutlich, wie im vorherigen Fall, in dem die Person zwar h\u00f6rt, aber nicht versteht. Nicht alle Menschen mit Presbyakusis leiden unter Tinnitus, und bei denen, die ihn haben, entwickelt er sich typischerweise schleichend und kann mit der Zeit sogar wieder verschwinden.     <\/span><\/span><\/p>\n<\/div>\n<div data-hook=\"rcv-block36\"><\/div>\n<div data-breakout=\"normal\">\n<p id=\"viewer-zwkll292\" class=\"cqfST cQRuq WGebp jTM--\" dir=\"auto\"><span class=\"_61ACD\"><span> <\/span><\/span><\/p>\n<\/div>\n<div data-hook=\"rcv-block37\"><\/div>\n<div data-breakout=\"normal\">\n<p id=\"viewer-fxlrm294\" class=\"cqfST cQRuq WGebp jTM--\" dir=\"auto\"><span class=\"_61ACD\"><strong><span>Gibt es eine L\u00f6sung f\u00fcr Tinnitus? Was kann ich tun? <\/span><\/strong><\/span><\/p>\n<\/div>\n<div data-hook=\"rcv-block38\"><\/div>\n<div data-breakout=\"normal\">\n<div id=\"viewer-h7mp46829\" class=\"cqfST cQRuq WGebp jTM--\" dir=\"auto\"><span class=\"_61ACD\"> <\/span><\/div>\n<\/div>\n<div data-hook=\"rcv-block39\"><\/div>\n<div data-breakout=\"normal\">\n<p id=\"viewer-nyaku296\" class=\"cqfST cQRuq WGebp jTM--\" dir=\"auto\"><span class=\"_61ACD\"><span> In den meisten F\u00e4llen erfordert die Behandlung von subjektivem Tinnitus die Therapie der zugrunde liegenden H\u00f6rminderung. Es gibt spezielle F\u00e4lle, wie beispielsweise Morbus Meni\u00e8re, bei denen schwankende H\u00f6rminderung und Tinnitus auftreten. In diesen F\u00e4llen kann durch die vom HNO-Arzt verordnete medikament\u00f6se Behandlung sowohl eine Verbesserung des H\u00f6rverm\u00f6gens als auch des Tinnitus erzielt werden. Andere F\u00e4lle, wie etwa Gef\u00e4\u00dferkrankungen, werden mit gef\u00e4\u00dferweiternden Mitteln behandelt. In der \u00fcberwiegenden Mehrheit der F\u00e4lle, in denen die H\u00f6rminderung irreversibel ist, stellt jedoch die Stimulation der H\u00f6rbahn die beste Behandlungsmethode dar, die wir einfach mit H\u00f6rger\u00e4ten erreichen k\u00f6nnen.   <\/span><\/span><\/p>\n<\/div>\n<div data-hook=\"rcv-block40\"><\/div>\n<div data-breakout=\"normal\">\n<div id=\"viewer-ait1r3943\" class=\"cqfST cQRuq WGebp jTM--\" dir=\"auto\"><span class=\"_61ACD\"> <\/span><\/div>\n<\/div>\n<div data-hook=\"rcv-block41\"><\/div>\n<div data-breakout=\"normal\">\n<p id=\"viewer-5zyga4056\" class=\"cqfST cQRuq WGebp jTM--\" dir=\"auto\"><span class=\"_61ACD\"><span> Die meisten Menschen mit subjektivem Tinnitus, die H\u00f6rger\u00e4te verwenden, erleben eine deutliche Verbesserung ihrer Wahrnehmung, und der Tinnitus kann sogar ganz verschwinden, solange sie die H\u00f6rger\u00e4te tragen. Dies wird erreicht, indem die H\u00f6rger\u00e4te die H\u00f6rbahn in den vom H\u00f6rverlust betroffenen Frequenzen stimulieren.<\/span><\/span><\/p>\n<\/div>\n<div data-hook=\"rcv-block42\"><\/div>\n<div data-breakout=\"normal\">\n<div id=\"viewer-30j2c4458\" class=\"cqfST cQRuq WGebp jTM--\" dir=\"auto\"><span class=\"_61ACD\"> <\/span><\/div>\n<\/div>\n<div data-hook=\"rcv-block43\"><\/div>\n<div data-breakout=\"normal\">\n<p id=\"viewer-o3cew298\" class=\"cqfST cQRuq WGebp jTM--\" dir=\"auto\"><span class=\"_61ACD\"><strong><span>Tinnitus, ein ernstes Problem<\/span><\/strong><\/span><\/p>\n<\/div>\n<div data-hook=\"rcv-block44\"><\/div>\n<div data-breakout=\"normal\">\n<div id=\"viewer-0bzlx4535\" class=\"cqfST cQRuq WGebp jTM--\" dir=\"auto\"><span class=\"_61ACD\"> <\/span><\/div>\n<\/div>\n<div data-hook=\"rcv-block45\"><\/div>\n<div data-breakout=\"normal\">\n<p id=\"viewer-3m4nz4565\" class=\"cqfST cQRuq WGebp jTM--\" dir=\"auto\"><span class=\"_61ACD\"><span> Tinnitus kann den Alltag erheblich beeintr\u00e4chtigen, da er Stress verursacht, st\u00e4ndig pr\u00e4sent ist und Konzentrations- und Schlafst\u00f6rungen etc. verursacht. In solchen F\u00e4llen sind H\u00f6rtherapien notwendig. Wir bieten die klassische TRT-Habituationstherapie an und im Aude H\u00f6rzentrum zus\u00e4tzlich die neue Notch-Therapie, die vielversprechende Ergebnisse bei Tinnitus unter 8.000 Hz zeigt.  <\/span><\/span><\/p>\n<\/div>\n<div data-hook=\"rcv-block46\"><\/div>\n<div data-breakout=\"normal\">\n<div id=\"viewer-f2lhz4520\" class=\"cqfST cQRuq WGebp jTM--\" dir=\"auto\"><span class=\"_61ACD\"> <\/span><\/div>\n<\/div>\n<div data-hook=\"rcv-block47\"><\/div>\n<div data-breakout=\"normal\">\n<p id=\"viewer-3jl394551\" class=\"cqfST cQRuq WGebp jTM--\" dir=\"auto\"><span class=\"_61ACD\"><span> Wenn Sie pl\u00f6tzlich einen Tinnitus haben, der einige Sekunden anh\u00e4lt, ist das normal.<\/span><span> <\/span><span>Sollten die Beschwerden jedoch anhalten, lassen Sie Ihr Geh\u00f6r dringend untersuchen und vereinbaren Sie einen Termin mit Ihrem Facharzt, um die Ursache abzukl\u00e4ren. <\/span><\/span><\/p>\n<\/div>\n<div data-hook=\"rcv-block48\"><\/div>\n<div data-breakout=\"normal\">\n<div id=\"viewer-ptxw813387\" class=\"cqfST cQRuq WGebp jTM--\" dir=\"auto\"><span class=\"_61ACD\"> <\/span><\/div>\n<\/div>\n<div data-hook=\"rcv-block49\"><\/div>\n<div data-breakout=\"normal\">\n<p data-start=\"1840\" data-end=\"2003\"><span class=\"relative -mx-px my-[-0.2rem] rounded px-px py-[0.2rem] transition-colors duration-100 ease-in-out\">Leiden Sie unter Tinnitus und suchen nach einer L\u00f6sung? Im Aude H\u00f6rzentrum Malaga helfen wir Ihnen gerne. <\/span> <span class=\"relative -mx-px my-[-0.2rem] rounded px-px py-[0.2rem] transition-colors duration-100 ease-in-out\">Kontaktieren<\/span> <a class=\"\" href=\"https:\/\/www.aude.es\/de\/kontakt\/\" target=\"_new\" rel=\"noopener\" data-start=\"1880\" data-end=\"1924\">Sie uns und vereinbaren Sie einen kostenlosen H\u00f6rtest<\/a>.<\/p>\n<\/div>\n","protected":false},"excerpt":{"rendered":"<p>Es ist ein Ger\u00e4usch, das wir auch dann wahrnehmen, wenn keine \u00e4u\u00dfere Schallquelle es erzeugt; nur wir h\u00f6ren es. Manche Menschen empfinden es als hohes Pfeifen, andere beschreiben es als das Rauschen eines alten Fernsehers, ein tiefes Summen, oder es kann sich sogar je nach Tageszeit ver\u00e4ndern. <\/p>\n","protected":false},"author":2,"featured_media":2831,"comment_status":"closed","ping_status":"closed","sticky":false,"template":"","format":"standard","meta":{"_acf_changed":false,"_analytify_skip_tracking":false,"footnotes":""},"categories":[33],"tags":[],"class_list":["post-2830","post","type-post","status-publish","format-standard","has-post-thumbnail","hentry","category-nicht-kategorisiert"],"acf":[],"yoast_head":"<!-- This site is optimized with the Yoast SEO plugin v27.5 - https:\/\/yoast.com\/product\/yoast-seo-wordpress\/ -->\n<title>Tinnitus: Ursachen und L\u00f6sungen | Aude H\u00f6rzentrum Malaga<\/title>\n<meta name=\"description\" content=\"Erfahren Sie im Aude H\u00f6rzentrum M\u00e1laga mehr \u00fcber die Ursachen von Tinnitus und wie er behandelt werden kann. Wir bieten professionelle L\u00f6sungen zur Linderung von Tinnitus.\" \/>\n<meta name=\"robots\" content=\"index, follow, max-snippet:-1, max-image-preview:large, max-video-preview:-1\" \/>\n<link rel=\"canonical\" href=\"https:\/\/www.aude.es\/de\/tinnitus-ein-ernstes-problem-was-kann-ich-tun\/\" \/>\n<meta property=\"og:locale\" content=\"de_DE\" \/>\n<meta property=\"og:type\" content=\"article\" \/>\n<meta property=\"og:title\" content=\"Tinnitus: Ursachen und L\u00f6sungen | Aude H\u00f6rzentrum Malaga\" \/>\n<meta property=\"og:description\" content=\"Erfahren Sie im Aude H\u00f6rzentrum M\u00e1laga mehr \u00fcber die Ursachen von Tinnitus und wie er behandelt werden kann. Wir bieten professionelle L\u00f6sungen zur Linderung von Tinnitus.\" \/>\n<meta property=\"og:url\" content=\"https:\/\/www.aude.es\/de\/tinnitus-ein-ernstes-problem-was-kann-ich-tun\/\" \/>\n<meta property=\"og:site_name\" content=\"Aude Centro Auditivo\" \/>\n<meta property=\"article:publisher\" content=\"https:\/\/www.facebook.com\/audecentroauditivo\" \/>\n<meta property=\"article:published_time\" content=\"2025-01-24T12:17:33+00:00\" \/>\n<meta property=\"og:image\" content=\"https:\/\/www.aude.es\/wp-content\/uploads\/2025\/01\/tinnitus.jpg\" \/>\n\t<meta property=\"og:image:width\" content=\"1199\" \/>\n\t<meta property=\"og:image:height\" content=\"604\" \/>\n\t<meta property=\"og:image:type\" content=\"image\/jpeg\" \/>\n<meta name=\"author\" content=\"admin_aude\" \/>\n<meta name=\"twitter:card\" content=\"summary_large_image\" \/>\n<meta name=\"twitter:label1\" content=\"Verfasst von\" \/>\n\t<meta name=\"twitter:data1\" content=\"admin_aude\" \/>\n\t<meta name=\"twitter:label2\" content=\"Gesch\u00e4tzte Lesezeit\" \/>\n\t<meta name=\"twitter:data2\" content=\"5\u00a0Minuten\" \/>\n<script type=\"application\/ld+json\" class=\"yoast-schema-graph\">{\"@context\":\"https:\\\/\\\/schema.org\",\"@graph\":[{\"@type\":\"Article\",\"@id\":\"https:\\\/\\\/www.aude.es\\\/de\\\/tinnitus-ein-ernstes-problem-was-kann-ich-tun\\\/#article\",\"isPartOf\":{\"@id\":\"https:\\\/\\\/www.aude.es\\\/de\\\/tinnitus-ein-ernstes-problem-was-kann-ich-tun\\\/\"},\"author\":{\"name\":\"admin_aude\",\"@id\":\"https:\\\/\\\/www.aude.es\\\/de\\\/#\\\/schema\\\/person\\\/940fd355884904690b66be2ededacd6f\"},\"headline\":\"Tinnitus, ein ernstes Problem. Was kann ich tun?\",\"datePublished\":\"2025-01-24T12:17:33+00:00\",\"mainEntityOfPage\":{\"@id\":\"https:\\\/\\\/www.aude.es\\\/de\\\/tinnitus-ein-ernstes-problem-was-kann-ich-tun\\\/\"},\"wordCount\":1009,\"publisher\":{\"@id\":\"https:\\\/\\\/www.aude.es\\\/de\\\/#organization\"},\"image\":{\"@id\":\"https:\\\/\\\/www.aude.es\\\/de\\\/tinnitus-ein-ernstes-problem-was-kann-ich-tun\\\/#primaryimage\"},\"thumbnailUrl\":\"https:\\\/\\\/www.aude.es\\\/wp-content\\\/uploads\\\/2025\\\/01\\\/tinnitus.jpg\",\"articleSection\":[\"Nicht kategorisiert\"],\"inLanguage\":\"de\"},{\"@type\":\"WebPage\",\"@id\":\"https:\\\/\\\/www.aude.es\\\/de\\\/tinnitus-ein-ernstes-problem-was-kann-ich-tun\\\/\",\"url\":\"https:\\\/\\\/www.aude.es\\\/de\\\/tinnitus-ein-ernstes-problem-was-kann-ich-tun\\\/\",\"name\":\"Tinnitus: Ursachen und L\u00f6sungen | Aude H\u00f6rzentrum Malaga\",\"isPartOf\":{\"@id\":\"https:\\\/\\\/www.aude.es\\\/de\\\/#website\"},\"primaryImageOfPage\":{\"@id\":\"https:\\\/\\\/www.aude.es\\\/de\\\/tinnitus-ein-ernstes-problem-was-kann-ich-tun\\\/#primaryimage\"},\"image\":{\"@id\":\"https:\\\/\\\/www.aude.es\\\/de\\\/tinnitus-ein-ernstes-problem-was-kann-ich-tun\\\/#primaryimage\"},\"thumbnailUrl\":\"https:\\\/\\\/www.aude.es\\\/wp-content\\\/uploads\\\/2025\\\/01\\\/tinnitus.jpg\",\"datePublished\":\"2025-01-24T12:17:33+00:00\",\"description\":\"Erfahren Sie im Aude H\u00f6rzentrum M\u00e1laga mehr \u00fcber die Ursachen von Tinnitus und wie er behandelt werden kann. Wir bieten professionelle L\u00f6sungen zur Linderung von Tinnitus.\",\"breadcrumb\":{\"@id\":\"https:\\\/\\\/www.aude.es\\\/de\\\/tinnitus-ein-ernstes-problem-was-kann-ich-tun\\\/#breadcrumb\"},\"inLanguage\":\"de\",\"potentialAction\":[{\"@type\":\"ReadAction\",\"target\":[\"https:\\\/\\\/www.aude.es\\\/de\\\/tinnitus-ein-ernstes-problem-was-kann-ich-tun\\\/\"]}]},{\"@type\":\"ImageObject\",\"inLanguage\":\"de\",\"@id\":\"https:\\\/\\\/www.aude.es\\\/de\\\/tinnitus-ein-ernstes-problem-was-kann-ich-tun\\\/#primaryimage\",\"url\":\"https:\\\/\\\/www.aude.es\\\/wp-content\\\/uploads\\\/2025\\\/01\\\/tinnitus.jpg\",\"contentUrl\":\"https:\\\/\\\/www.aude.es\\\/wp-content\\\/uploads\\\/2025\\\/01\\\/tinnitus.jpg\",\"width\":1199,\"height\":604},{\"@type\":\"BreadcrumbList\",\"@id\":\"https:\\\/\\\/www.aude.es\\\/de\\\/tinnitus-ein-ernstes-problem-was-kann-ich-tun\\\/#breadcrumb\",\"itemListElement\":[{\"@type\":\"ListItem\",\"position\":1,\"name\":\"Portada\",\"item\":\"https:\\\/\\\/www.aude.es\\\/de\\\/wir-kuemmern-uns-um-ihre-hoergesundheit\\\/\"},{\"@type\":\"ListItem\",\"position\":2,\"name\":\"Tinnitus, ein ernstes Problem. Was kann ich tun?\"}]},{\"@type\":\"WebSite\",\"@id\":\"https:\\\/\\\/www.aude.es\\\/de\\\/#website\",\"url\":\"https:\\\/\\\/www.aude.es\\\/de\\\/\",\"name\":\"Aude Centro Auditivo\",\"description\":\"Centro Auditivo\",\"publisher\":{\"@id\":\"https:\\\/\\\/www.aude.es\\\/de\\\/#organization\"},\"potentialAction\":[{\"@type\":\"SearchAction\",\"target\":{\"@type\":\"EntryPoint\",\"urlTemplate\":\"https:\\\/\\\/www.aude.es\\\/de\\\/?s={search_term_string}\"},\"query-input\":{\"@type\":\"PropertyValueSpecification\",\"valueRequired\":true,\"valueName\":\"search_term_string\"}}],\"inLanguage\":\"de\"},{\"@type\":\"Organization\",\"@id\":\"https:\\\/\\\/www.aude.es\\\/de\\\/#organization\",\"name\":\"Aude Centro Auditivo\",\"alternateName\":\"Tienda de Aud\u00edfonos\",\"url\":\"https:\\\/\\\/www.aude.es\\\/de\\\/\",\"logo\":{\"@type\":\"ImageObject\",\"inLanguage\":\"de\",\"@id\":\"https:\\\/\\\/www.aude.es\\\/de\\\/#\\\/schema\\\/logo\\\/image\\\/\",\"url\":\"https:\\\/\\\/www.aude.es\\\/wp-content\\\/uploads\\\/2025\\\/01\\\/cropped-AUDE_FAVICON_.png\",\"contentUrl\":\"https:\\\/\\\/www.aude.es\\\/wp-content\\\/uploads\\\/2025\\\/01\\\/cropped-AUDE_FAVICON_.png\",\"width\":512,\"height\":512,\"caption\":\"Aude Centro Auditivo\"},\"image\":{\"@id\":\"https:\\\/\\\/www.aude.es\\\/de\\\/#\\\/schema\\\/logo\\\/image\\\/\"},\"sameAs\":[\"https:\\\/\\\/www.facebook.com\\\/audecentroauditivo\",\"https:\\\/\\\/www.instagram.com\\\/audecentroauditivo\",\"https:\\\/\\\/www.linkedin.com\\\/company\\\/aude-centro-auditivo\"]},{\"@type\":\"Person\",\"@id\":\"https:\\\/\\\/www.aude.es\\\/de\\\/#\\\/schema\\\/person\\\/940fd355884904690b66be2ededacd6f\",\"name\":\"admin_aude\",\"image\":{\"@type\":\"ImageObject\",\"inLanguage\":\"de\",\"@id\":\"https:\\\/\\\/secure.gravatar.com\\\/avatar\\\/1ec28fecc68f7981b12861933ae317f224f57df5d121c1e146a9aa5251bbfa82?s=96&d=mm&r=g\",\"url\":\"https:\\\/\\\/secure.gravatar.com\\\/avatar\\\/1ec28fecc68f7981b12861933ae317f224f57df5d121c1e146a9aa5251bbfa82?s=96&d=mm&r=g\",\"contentUrl\":\"https:\\\/\\\/secure.gravatar.com\\\/avatar\\\/1ec28fecc68f7981b12861933ae317f224f57df5d121c1e146a9aa5251bbfa82?s=96&d=mm&r=g\",\"caption\":\"admin_aude\"}}]}<\/script>\n<!-- \/ Yoast SEO plugin. -->","yoast_head_json":{"title":"Tinnitus: Ursachen und L\u00f6sungen | Aude H\u00f6rzentrum Malaga","description":"Erfahren Sie im Aude H\u00f6rzentrum M\u00e1laga mehr \u00fcber die Ursachen von Tinnitus und wie er behandelt werden kann. Wir bieten professionelle L\u00f6sungen zur Linderung von Tinnitus.","robots":{"index":"index","follow":"follow","max-snippet":"max-snippet:-1","max-image-preview":"max-image-preview:large","max-video-preview":"max-video-preview:-1"},"canonical":"https:\/\/www.aude.es\/de\/tinnitus-ein-ernstes-problem-was-kann-ich-tun\/","og_locale":"de_DE","og_type":"article","og_title":"Tinnitus: Ursachen und L\u00f6sungen | Aude H\u00f6rzentrum Malaga","og_description":"Erfahren Sie im Aude H\u00f6rzentrum M\u00e1laga mehr \u00fcber die Ursachen von Tinnitus und wie er behandelt werden kann. Wir bieten professionelle L\u00f6sungen zur Linderung von Tinnitus.","og_url":"https:\/\/www.aude.es\/de\/tinnitus-ein-ernstes-problem-was-kann-ich-tun\/","og_site_name":"Aude Centro Auditivo","article_publisher":"https:\/\/www.facebook.com\/audecentroauditivo","article_published_time":"2025-01-24T12:17:33+00:00","og_image":[{"width":1199,"height":604,"url":"https:\/\/www.aude.es\/wp-content\/uploads\/2025\/01\/tinnitus.jpg","type":"image\/jpeg"}],"author":"admin_aude","twitter_card":"summary_large_image","twitter_misc":{"Verfasst von":"admin_aude","Gesch\u00e4tzte Lesezeit":"5\u00a0Minuten"},"schema":{"@context":"https:\/\/schema.org","@graph":[{"@type":"Article","@id":"https:\/\/www.aude.es\/de\/tinnitus-ein-ernstes-problem-was-kann-ich-tun\/#article","isPartOf":{"@id":"https:\/\/www.aude.es\/de\/tinnitus-ein-ernstes-problem-was-kann-ich-tun\/"},"author":{"name":"admin_aude","@id":"https:\/\/www.aude.es\/de\/#\/schema\/person\/940fd355884904690b66be2ededacd6f"},"headline":"Tinnitus, ein ernstes Problem. Was kann ich tun?","datePublished":"2025-01-24T12:17:33+00:00","mainEntityOfPage":{"@id":"https:\/\/www.aude.es\/de\/tinnitus-ein-ernstes-problem-was-kann-ich-tun\/"},"wordCount":1009,"publisher":{"@id":"https:\/\/www.aude.es\/de\/#organization"},"image":{"@id":"https:\/\/www.aude.es\/de\/tinnitus-ein-ernstes-problem-was-kann-ich-tun\/#primaryimage"},"thumbnailUrl":"https:\/\/www.aude.es\/wp-content\/uploads\/2025\/01\/tinnitus.jpg","articleSection":["Nicht kategorisiert"],"inLanguage":"de"},{"@type":"WebPage","@id":"https:\/\/www.aude.es\/de\/tinnitus-ein-ernstes-problem-was-kann-ich-tun\/","url":"https:\/\/www.aude.es\/de\/tinnitus-ein-ernstes-problem-was-kann-ich-tun\/","name":"Tinnitus: Ursachen und L\u00f6sungen | Aude H\u00f6rzentrum Malaga","isPartOf":{"@id":"https:\/\/www.aude.es\/de\/#website"},"primaryImageOfPage":{"@id":"https:\/\/www.aude.es\/de\/tinnitus-ein-ernstes-problem-was-kann-ich-tun\/#primaryimage"},"image":{"@id":"https:\/\/www.aude.es\/de\/tinnitus-ein-ernstes-problem-was-kann-ich-tun\/#primaryimage"},"thumbnailUrl":"https:\/\/www.aude.es\/wp-content\/uploads\/2025\/01\/tinnitus.jpg","datePublished":"2025-01-24T12:17:33+00:00","description":"Erfahren Sie im Aude H\u00f6rzentrum M\u00e1laga mehr \u00fcber die Ursachen von Tinnitus und wie er behandelt werden kann. Wir bieten professionelle L\u00f6sungen zur Linderung von Tinnitus.","breadcrumb":{"@id":"https:\/\/www.aude.es\/de\/tinnitus-ein-ernstes-problem-was-kann-ich-tun\/#breadcrumb"},"inLanguage":"de","potentialAction":[{"@type":"ReadAction","target":["https:\/\/www.aude.es\/de\/tinnitus-ein-ernstes-problem-was-kann-ich-tun\/"]}]},{"@type":"ImageObject","inLanguage":"de","@id":"https:\/\/www.aude.es\/de\/tinnitus-ein-ernstes-problem-was-kann-ich-tun\/#primaryimage","url":"https:\/\/www.aude.es\/wp-content\/uploads\/2025\/01\/tinnitus.jpg","contentUrl":"https:\/\/www.aude.es\/wp-content\/uploads\/2025\/01\/tinnitus.jpg","width":1199,"height":604},{"@type":"BreadcrumbList","@id":"https:\/\/www.aude.es\/de\/tinnitus-ein-ernstes-problem-was-kann-ich-tun\/#breadcrumb","itemListElement":[{"@type":"ListItem","position":1,"name":"Portada","item":"https:\/\/www.aude.es\/de\/wir-kuemmern-uns-um-ihre-hoergesundheit\/"},{"@type":"ListItem","position":2,"name":"Tinnitus, ein ernstes Problem. Was kann ich tun?"}]},{"@type":"WebSite","@id":"https:\/\/www.aude.es\/de\/#website","url":"https:\/\/www.aude.es\/de\/","name":"Aude Centro Auditivo","description":"Centro Auditivo","publisher":{"@id":"https:\/\/www.aude.es\/de\/#organization"},"potentialAction":[{"@type":"SearchAction","target":{"@type":"EntryPoint","urlTemplate":"https:\/\/www.aude.es\/de\/?s={search_term_string}"},"query-input":{"@type":"PropertyValueSpecification","valueRequired":true,"valueName":"search_term_string"}}],"inLanguage":"de"},{"@type":"Organization","@id":"https:\/\/www.aude.es\/de\/#organization","name":"Aude Centro Auditivo","alternateName":"Tienda de Aud\u00edfonos","url":"https:\/\/www.aude.es\/de\/","logo":{"@type":"ImageObject","inLanguage":"de","@id":"https:\/\/www.aude.es\/de\/#\/schema\/logo\/image\/","url":"https:\/\/www.aude.es\/wp-content\/uploads\/2025\/01\/cropped-AUDE_FAVICON_.png","contentUrl":"https:\/\/www.aude.es\/wp-content\/uploads\/2025\/01\/cropped-AUDE_FAVICON_.png","width":512,"height":512,"caption":"Aude Centro Auditivo"},"image":{"@id":"https:\/\/www.aude.es\/de\/#\/schema\/logo\/image\/"},"sameAs":["https:\/\/www.facebook.com\/audecentroauditivo","https:\/\/www.instagram.com\/audecentroauditivo","https:\/\/www.linkedin.com\/company\/aude-centro-auditivo"]},{"@type":"Person","@id":"https:\/\/www.aude.es\/de\/#\/schema\/person\/940fd355884904690b66be2ededacd6f","name":"admin_aude","image":{"@type":"ImageObject","inLanguage":"de","@id":"https:\/\/secure.gravatar.com\/avatar\/1ec28fecc68f7981b12861933ae317f224f57df5d121c1e146a9aa5251bbfa82?s=96&d=mm&r=g","url":"https:\/\/secure.gravatar.com\/avatar\/1ec28fecc68f7981b12861933ae317f224f57df5d121c1e146a9aa5251bbfa82?s=96&d=mm&r=g","contentUrl":"https:\/\/secure.gravatar.com\/avatar\/1ec28fecc68f7981b12861933ae317f224f57df5d121c1e146a9aa5251bbfa82?s=96&d=mm&r=g","caption":"admin_aude"}}]}},"_links":{"self":[{"href":"https:\/\/www.aude.es\/de\/wp-json\/wp\/v2\/posts\/2830","targetHints":{"allow":["GET"]}}],"collection":[{"href":"https:\/\/www.aude.es\/de\/wp-json\/wp\/v2\/posts"}],"about":[{"href":"https:\/\/www.aude.es\/de\/wp-json\/wp\/v2\/types\/post"}],"author":[{"embeddable":true,"href":"https:\/\/www.aude.es\/de\/wp-json\/wp\/v2\/users\/2"}],"replies":[{"embeddable":true,"href":"https:\/\/www.aude.es\/de\/wp-json\/wp\/v2\/comments?post=2830"}],"version-history":[{"count":0,"href":"https:\/\/www.aude.es\/de\/wp-json\/wp\/v2\/posts\/2830\/revisions"}],"wp:featuredmedia":[{"embeddable":true,"href":"https:\/\/www.aude.es\/de\/wp-json\/wp\/v2\/media\/2831"}],"wp:attachment":[{"href":"https:\/\/www.aude.es\/de\/wp-json\/wp\/v2\/media?parent=2830"}],"wp:term":[{"taxonomy":"category","embeddable":true,"href":"https:\/\/www.aude.es\/de\/wp-json\/wp\/v2\/categories?post=2830"},{"taxonomy":"post_tag","embeddable":true,"href":"https:\/\/www.aude.es\/de\/wp-json\/wp\/v2\/tags?post=2830"}],"curies":[{"name":"wp","href":"https:\/\/api.w.org\/{rel}","templated":true}]}}